{"id":304,"date":"2017-05-16T10:20:45","date_gmt":"2017-05-16T09:20:45","guid":{"rendered":"http:\/\/www.urban-driver.com\/blog\/?p=304"},"modified":"2017-12-15T17:20:34","modified_gmt":"2017-12-15T16:20:34","slug":"votre-chauffeur-prive-pour-le-festival-de-cannes-2017","status":"publish","type":"post","link":"https:\/\/www.urban-driver.com\/blog\/votre-chauffeur-prive-pour-le-festival-de-cannes-2017\/","title":{"rendered":"Votre chauffeur priv\u00e9 pour le Festival de Cannes &#8211; URBANDRIVER"},"content":{"rendered":"<p>J-1 avant l\u2019ouverture du <strong>Festival de Cannes<\/strong>.<\/p>\n<p>Du 17 au 28 Mai 2017, Cannes accueille comme chaque ann\u00e9e le festival de cin\u00e9ma le plus m\u00e9diatis\u00e9 au monde. Pour cette 70<sup>e<\/sup> \u00e9dition, artistes, cin\u00e9astes, producteurs, acteurs et professionnels de l\u2019industrie cin\u00e9matographique font le d\u00e9placement pour c\u00e9l\u00e9brer le 7<sup>\u00e8me<\/sup> art.<\/p>\n<p><!--more--><\/p>\n<p>URBANDRIVER est \u00e9galement pr\u00e9sent et vous accompagne pour tous vos besoins de transport pendant toute la dur\u00e9e du festival de Cannes avec des Berlines Mercedes Class E et des Van Mercedes Class V.<\/p>\n<p>Transferts Nice a\u00e9roport &lt;=&gt; Cannes et \u00a0mises \u00e0 disposition, les \u00e9quipes URBANDRIVER vous r\u00e9servent un accueil personnalis\u00e9 avec des chauffeurs professionnels bilingues connaissant parfaitement la French Riviera.<\/p>\n<p><a href=\"https:\/\/www.urban-driver.com\/chauffeur-prive.php\">R\u00e9server votre chauffeur priv\u00e9\u00a0en ligne.<\/a><\/p>\n","protected":false},"excerpt":{"rendered":"<p>J-1 avant l\u2019ouverture du Festival de Cannes. Du 17 au 28 Mai 2017, Cannes accueille comme chaque ann\u00e9e le festival de cin\u00e9ma le plus m\u00e9diatis\u00e9 au monde. Pour cette 70e \u00e9dition, artistes, cin\u00e9astes, producteurs, acteurs et professionnels de l\u2019industrie cin\u00e9matographique font le d\u00e9placement pour c\u00e9l\u00e9brer le 7\u00e8me art.<br \/><a class=\"moretag\" href=\"https:\/\/www.urban-driver.com\/blog\/votre-chauffeur-prive-pour-le-festival-de-cannes-2017\/\">Poursuivre la lecture<\/a>","protected":false},"author":1,"featured_media":305,"comment_status":"open","ping_status":"open","sticky":false,"template":"","format":"standard","meta":{"_crdt_document":"","_monsterinsights_skip_tracking":false,"_monsterinsights_sitenote_active":false,"_monsterinsights_sitenote_note":"","_monsterinsights_sitenote_category":0,"footnotes":""},"categories":[11],"tags":[],"class_list":["post-304","post","type-post","status-publish","format-standard","has-post-thumbnail","hentry","category-actualite"],"yoast_head":"<!-- This site is optimized with the Yoast SEO plugin v27.5 - https:\/\/yoast.com\/product\/yoast-seo-wordpress\/ -->\n<title>Votre chauffeur priv\u00e9 pour le festival de Cannes 2017 - URBANDRIVER<\/title>\n<meta name=\"description\" content=\"Transferts Nice - Cannes et mises \u00e0 disposition, Accueil personnalis\u00e9 avec des chauffeurs connaissant parfaitement la French Riviera.\" \/>\n<meta name=\"robots\" content=\"index, follow, max-snippet:-1, max-image-preview:large, max-video-preview:-1\" \/>\n<link rel=\"canonical\" href=\"https:\/\/www.urban-driver.com\/blog\/votre-chauffeur-prive-pour-le-festival-de-cannes-2017\/\" \/>\n<meta property=\"og:locale\" content=\"fr_FR\" \/>\n<meta property=\"og:type\" content=\"article\" \/>\n<meta property=\"og:title\" content=\"Votre chauffeur priv\u00e9 pour le festival de Cannes 2017 - URBANDRIVER\" \/>\n<meta property=\"og:description\" content=\"Transferts Nice - Cannes et mises \u00e0 disposition, Accueil personnalis\u00e9 avec des chauffeurs connaissant parfaitement la French Riviera.\" \/>\n<meta property=\"og:url\" content=\"https:\/\/www.urban-driver.com\/blog\/votre-chauffeur-prive-pour-le-festival-de-cannes-2017\/\" \/>\n<meta property=\"og:site_name\" content=\"Blog Urban Driver\" \/>\n<meta property=\"article:publisher\" content=\"https:\/\/www.facebook.com\/urbandriver\" \/>\n<meta property=\"article:published_time\" content=\"2017-05-16T09:20:45+00:00\" \/>\n<meta property=\"article:modified_time\" content=\"2017-12-15T16:20:34+00:00\" \/>\n<meta property=\"og:image\" content=\"https:\/\/www.urban-driver.com\/blog\/wp-content\/uploads\/2017\/05\/festival.png\" \/>\n\t<meta property=\"og:image:width\" content=\"561\" \/>\n\t<meta property=\"og:image:height\" content=\"372\" \/>\n\t<meta property=\"og:image:type\" content=\"image\/png\" \/>\n<meta name=\"author\" content=\"Urban Driver\" \/>\n<meta name=\"twitter:card\" content=\"summary_large_image\" \/>\n<meta name=\"twitter:creator\" content=\"@urban_driver\" \/>\n<meta name=\"twitter:site\" content=\"@urban_driver\" \/>\n<meta name=\"twitter:label1\" content=\"\u00c9crit par\" \/>\n\t<meta name=\"twitter:data1\" content=\"Urban Driver\" \/>\n\t<meta name=\"twitter:label2\" content=\"Dur\u00e9e de lecture estim\u00e9e\" \/>\n\t<meta name=\"twitter:data2\" content=\"1 minute\" \/>\n<script type=\"application\/ld+json\" class=\"yoast-schema-graph\">{\"@context\":\"https:\\\/\\\/schema.org\",\"@graph\":[{\"@type\":\"Article\",\"@id\":\"https:\\\/\\\/www.urban-driver.com\\\/blog\\\/votre-chauffeur-prive-pour-le-festival-de-cannes-2017\\\/#article\",\"isPartOf\":{\"@id\":\"https:\\\/\\\/www.urban-driver.com\\\/blog\\\/votre-chauffeur-prive-pour-le-festival-de-cannes-2017\\\/\"},\"author\":{\"name\":\"Urban Driver\",\"@id\":\"https:\\\/\\\/www.urban-driver.com\\\/blog\\\/#\\\/schema\\\/person\\\/d2b20c87827eaff19105d900a0bf186b\"},\"headline\":\"Votre chauffeur priv\u00e9 pour le Festival de Cannes &#8211; URBANDRIVER\",\"datePublished\":\"2017-05-16T09:20:45+00:00\",\"dateModified\":\"2017-12-15T16:20:34+00:00\",\"mainEntityOfPage\":{\"@id\":\"https:\\\/\\\/www.urban-driver.com\\\/blog\\\/votre-chauffeur-prive-pour-le-festival-de-cannes-2017\\\/\"},\"wordCount\":136,\"commentCount\":0,\"image\":{\"@id\":\"https:\\\/\\\/www.urban-driver.com\\\/blog\\\/votre-chauffeur-prive-pour-le-festival-de-cannes-2017\\\/#primaryimage\"},\"thumbnailUrl\":\"https:\\\/\\\/www.urban-driver.com\\\/blog\\\/wp-content\\\/uploads\\\/2017\\\/05\\\/festival.png\",\"articleSection\":[\"Actualit\u00e9s\"],\"inLanguage\":\"fr-FR\",\"potentialAction\":[{\"@type\":\"CommentAction\",\"name\":\"Comment\",\"target\":[\"https:\\\/\\\/www.urban-driver.com\\\/blog\\\/votre-chauffeur-prive-pour-le-festival-de-cannes-2017\\\/#respond\"]}]},{\"@type\":\"WebPage\",\"@id\":\"https:\\\/\\\/www.urban-driver.com\\\/blog\\\/votre-chauffeur-prive-pour-le-festival-de-cannes-2017\\\/\",\"url\":\"https:\\\/\\\/www.urban-driver.com\\\/blog\\\/votre-chauffeur-prive-pour-le-festival-de-cannes-2017\\\/\",\"name\":\"Votre chauffeur priv\u00e9 pour le festival de Cannes 2017 - URBANDRIVER\",\"isPartOf\":{\"@id\":\"https:\\\/\\\/www.urban-driver.com\\\/blog\\\/#website\"},\"primaryImageOfPage\":{\"@id\":\"https:\\\/\\\/www.urban-driver.com\\\/blog\\\/votre-chauffeur-prive-pour-le-festival-de-cannes-2017\\\/#primaryimage\"},\"image\":{\"@id\":\"https:\\\/\\\/www.urban-driver.com\\\/blog\\\/votre-chauffeur-prive-pour-le-festival-de-cannes-2017\\\/#primaryimage\"},\"thumbnailUrl\":\"https:\\\/\\\/www.urban-driver.com\\\/blog\\\/wp-content\\\/uploads\\\/2017\\\/05\\\/festival.png\",\"datePublished\":\"2017-05-16T09:20:45+00:00\",\"dateModified\":\"2017-12-15T16:20:34+00:00\",\"author\":{\"@id\":\"https:\\\/\\\/www.urban-driver.com\\\/blog\\\/#\\\/schema\\\/person\\\/d2b20c87827eaff19105d900a0bf186b\"},\"description\":\"Transferts Nice - Cannes et mises \u00e0 disposition, Accueil personnalis\u00e9 avec des chauffeurs connaissant parfaitement la French Riviera.\",\"breadcrumb\":{\"@id\":\"https:\\\/\\\/www.urban-driver.com\\\/blog\\\/votre-chauffeur-prive-pour-le-festival-de-cannes-2017\\\/#breadcrumb\"},\"inLanguage\":\"fr-FR\",\"potentialAction\":[{\"@type\":\"ReadAction\",\"target\":[\"https:\\\/\\\/www.urban-driver.com\\\/blog\\\/votre-chauffeur-prive-pour-le-festival-de-cannes-2017\\\/\"]}]},{\"@type\":\"ImageObject\",\"inLanguage\":\"fr-FR\",\"@id\":\"https:\\\/\\\/www.urban-driver.com\\\/blog\\\/votre-chauffeur-prive-pour-le-festival-de-cannes-2017\\\/#primaryimage\",\"url\":\"https:\\\/\\\/www.urban-driver.com\\\/blog\\\/wp-content\\\/uploads\\\/2017\\\/05\\\/festival.png\",\"contentUrl\":\"https:\\\/\\\/www.urban-driver.com\\\/blog\\\/wp-content\\\/uploads\\\/2017\\\/05\\\/festival.png\",\"width\":561,\"height\":372,\"caption\":\"Femme conduite dans une berline avec chauffeur.\"},{\"@type\":\"BreadcrumbList\",\"@id\":\"https:\\\/\\\/www.urban-driver.com\\\/blog\\\/votre-chauffeur-prive-pour-le-festival-de-cannes-2017\\\/#breadcrumb\",\"itemListElement\":[{\"@type\":\"ListItem\",\"position\":1,\"name\":\"Accueil\",\"item\":\"https:\\\/\\\/www.urban-driver.com\\\/blog\\\/\"},{\"@type\":\"ListItem\",\"position\":2,\"name\":\"Actualit\u00e9s\",\"item\":\"https:\\\/\\\/www.urban-driver.com\\\/blog\\\/actualite\\\/\"},{\"@type\":\"ListItem\",\"position\":3,\"name\":\"Votre chauffeur priv\u00e9 pour le Festival de Cannes &#8211; URBANDRIVER\"}]},{\"@type\":\"WebSite\",\"@id\":\"https:\\\/\\\/www.urban-driver.com\\\/blog\\\/#website\",\"url\":\"https:\\\/\\\/www.urban-driver.com\\\/blog\\\/\",\"name\":\"Blog Urban Driver\",\"description\":\"Le plaisir de voyager en milieu Urbain\",\"potentialAction\":[{\"@type\":\"SearchAction\",\"target\":{\"@type\":\"EntryPoint\",\"urlTemplate\":\"https:\\\/\\\/www.urban-driver.com\\\/blog\\\/?s={search_term_string}\"},\"query-input\":{\"@type\":\"PropertyValueSpecification\",\"valueRequired\":true,\"valueName\":\"search_term_string\"}}],\"inLanguage\":\"fr-FR\"},{\"@type\":\"Person\",\"@id\":\"https:\\\/\\\/www.urban-driver.com\\\/blog\\\/#\\\/schema\\\/person\\\/d2b20c87827eaff19105d900a0bf186b\",\"name\":\"Urban Driver\",\"image\":{\"@type\":\"ImageObject\",\"inLanguage\":\"fr-FR\",\"@id\":\"https:\\\/\\\/secure.gravatar.com\\\/avatar\\\/897148c0963ad7fa07b446b33382ae9f9b9e4b9665b11e9fff860701664076a1?s=96&d=mm&r=g\",\"url\":\"https:\\\/\\\/secure.gravatar.com\\\/avatar\\\/897148c0963ad7fa07b446b33382ae9f9b9e4b9665b11e9fff860701664076a1?s=96&d=mm&r=g\",\"contentUrl\":\"https:\\\/\\\/secure.gravatar.com\\\/avatar\\\/897148c0963ad7fa07b446b33382ae9f9b9e4b9665b11e9fff860701664076a1?s=96&d=mm&r=g\",\"caption\":\"Urban Driver\"}}]}<\/script>\n<!-- \/ Yoast SEO plugin. -->","yoast_head_json":{"title":"Votre chauffeur priv\u00e9 pour le festival de Cannes 2017 - URBANDRIVER","description":"Transferts Nice - Cannes et mises \u00e0 disposition, Accueil personnalis\u00e9 avec des chauffeurs connaissant parfaitement la French Riviera.","robots":{"index":"index","follow":"follow","max-snippet":"max-snippet:-1","max-image-preview":"max-image-preview:large","max-video-preview":"max-video-preview:-1"},"canonical":"https:\/\/www.urban-driver.com\/blog\/votre-chauffeur-prive-pour-le-festival-de-cannes-2017\/","og_locale":"fr_FR","og_type":"article","og_title":"Votre chauffeur priv\u00e9 pour le festival de Cannes 2017 - URBANDRIVER","og_description":"Transferts Nice - Cannes et mises \u00e0 disposition, Accueil personnalis\u00e9 avec des chauffeurs connaissant parfaitement la French Riviera.","og_url":"https:\/\/www.urban-driver.com\/blog\/votre-chauffeur-prive-pour-le-festival-de-cannes-2017\/","og_site_name":"Blog Urban Driver","article_publisher":"https:\/\/www.facebook.com\/urbandriver","article_published_time":"2017-05-16T09:20:45+00:00","article_modified_time":"2017-12-15T16:20:34+00:00","og_image":[{"width":561,"height":372,"url":"https:\/\/www.urban-driver.com\/blog\/wp-content\/uploads\/2017\/05\/festival.png","type":"image\/png"}],"author":"Urban Driver","twitter_card":"summary_large_image","twitter_creator":"@urban_driver","twitter_site":"@urban_driver","twitter_misc":{"\u00c9crit par":"Urban Driver","Dur\u00e9e de lecture estim\u00e9e":"1 minute"},"schema":{"@context":"https:\/\/schema.org","@graph":[{"@type":"Article","@id":"https:\/\/www.urban-driver.com\/blog\/votre-chauffeur-prive-pour-le-festival-de-cannes-2017\/#article","isPartOf":{"@id":"https:\/\/www.urban-driver.com\/blog\/votre-chauffeur-prive-pour-le-festival-de-cannes-2017\/"},"author":{"name":"Urban Driver","@id":"https:\/\/www.urban-driver.com\/blog\/#\/schema\/person\/d2b20c87827eaff19105d900a0bf186b"},"headline":"Votre chauffeur priv\u00e9 pour le Festival de Cannes &#8211; URBANDRIVER","datePublished":"2017-05-16T09:20:45+00:00","dateModified":"2017-12-15T16:20:34+00:00","mainEntityOfPage":{"@id":"https:\/\/www.urban-driver.com\/blog\/votre-chauffeur-prive-pour-le-festival-de-cannes-2017\/"},"wordCount":136,"commentCount":0,"image":{"@id":"https:\/\/www.urban-driver.com\/blog\/votre-chauffeur-prive-pour-le-festival-de-cannes-2017\/#primaryimage"},"thumbnailUrl":"https:\/\/www.urban-driver.com\/blog\/wp-content\/uploads\/2017\/05\/festival.png","articleSection":["Actualit\u00e9s"],"inLanguage":"fr-FR","potentialAction":[{"@type":"CommentAction","name":"Comment","target":["https:\/\/www.urban-driver.com\/blog\/votre-chauffeur-prive-pour-le-festival-de-cannes-2017\/#respond"]}]},{"@type":"WebPage","@id":"https:\/\/www.urban-driver.com\/blog\/votre-chauffeur-prive-pour-le-festival-de-cannes-2017\/","url":"https:\/\/www.urban-driver.com\/blog\/votre-chauffeur-prive-pour-le-festival-de-cannes-2017\/","name":"Votre chauffeur priv\u00e9 pour le festival de Cannes 2017 - URBANDRIVER","isPartOf":{"@id":"https:\/\/www.urban-driver.com\/blog\/#website"},"primaryImageOfPage":{"@id":"https:\/\/www.urban-driver.com\/blog\/votre-chauffeur-prive-pour-le-festival-de-cannes-2017\/#primaryimage"},"image":{"@id":"https:\/\/www.urban-driver.com\/blog\/votre-chauffeur-prive-pour-le-festival-de-cannes-2017\/#primaryimage"},"thumbnailUrl":"https:\/\/www.urban-driver.com\/blog\/wp-content\/uploads\/2017\/05\/festival.png","datePublished":"2017-05-16T09:20:45+00:00","dateModified":"2017-12-15T16:20:34+00:00","author":{"@id":"https:\/\/www.urban-driver.com\/blog\/#\/schema\/person\/d2b20c87827eaff19105d900a0bf186b"},"description":"Transferts Nice - Cannes et mises \u00e0 disposition, Accueil personnalis\u00e9 avec des chauffeurs connaissant parfaitement la French Riviera.","breadcrumb":{"@id":"https:\/\/www.urban-driver.com\/blog\/votre-chauffeur-prive-pour-le-festival-de-cannes-2017\/#breadcrumb"},"inLanguage":"fr-FR","potentialAction":[{"@type":"ReadAction","target":["https:\/\/www.urban-driver.com\/blog\/votre-chauffeur-prive-pour-le-festival-de-cannes-2017\/"]}]},{"@type":"ImageObject","inLanguage":"fr-FR","@id":"https:\/\/www.urban-driver.com\/blog\/votre-chauffeur-prive-pour-le-festival-de-cannes-2017\/#primaryimage","url":"https:\/\/www.urban-driver.com\/blog\/wp-content\/uploads\/2017\/05\/festival.png","contentUrl":"https:\/\/www.urban-driver.com\/blog\/wp-content\/uploads\/2017\/05\/festival.png","width":561,"height":372,"caption":"Femme conduite dans une berline avec chauffeur."},{"@type":"BreadcrumbList","@id":"https:\/\/www.urban-driver.com\/blog\/votre-chauffeur-prive-pour-le-festival-de-cannes-2017\/#breadcrumb","itemListElement":[{"@type":"ListItem","position":1,"name":"Accueil","item":"https:\/\/www.urban-driver.com\/blog\/"},{"@type":"ListItem","position":2,"name":"Actualit\u00e9s","item":"https:\/\/www.urban-driver.com\/blog\/actualite\/"},{"@type":"ListItem","position":3,"name":"Votre chauffeur priv\u00e9 pour le Festival de Cannes &#8211; URBANDRIVER"}]},{"@type":"WebSite","@id":"https:\/\/www.urban-driver.com\/blog\/#website","url":"https:\/\/www.urban-driver.com\/blog\/","name":"Blog Urban Driver","description":"Le plaisir de voyager en milieu Urbain","potentialAction":[{"@type":"SearchAction","target":{"@type":"EntryPoint","urlTemplate":"https:\/\/www.urban-driver.com\/blog\/?s={search_term_string}"},"query-input":{"@type":"PropertyValueSpecification","valueRequired":true,"valueName":"search_term_string"}}],"inLanguage":"fr-FR"},{"@type":"Person","@id":"https:\/\/www.urban-driver.com\/blog\/#\/schema\/person\/d2b20c87827eaff19105d900a0bf186b","name":"Urban Driver","image":{"@type":"ImageObject","inLanguage":"fr-FR","@id":"https:\/\/secure.gravatar.com\/avatar\/897148c0963ad7fa07b446b33382ae9f9b9e4b9665b11e9fff860701664076a1?s=96&d=mm&r=g","url":"https:\/\/secure.gravatar.com\/avatar\/897148c0963ad7fa07b446b33382ae9f9b9e4b9665b11e9fff860701664076a1?s=96&d=mm&r=g","contentUrl":"https:\/\/secure.gravatar.com\/avatar\/897148c0963ad7fa07b446b33382ae9f9b9e4b9665b11e9fff860701664076a1?s=96&d=mm&r=g","caption":"Urban Driver"}}]}},"_links":{"self":[{"href":"https:\/\/www.urban-driver.com\/blog\/wp-json\/wp\/v2\/posts\/304","targetHints":{"allow":["GET"]}}],"collection":[{"href":"https:\/\/www.urban-driver.com\/blog\/wp-json\/wp\/v2\/posts"}],"about":[{"href":"https:\/\/www.urban-driver.com\/blog\/wp-json\/wp\/v2\/types\/post"}],"author":[{"embeddable":true,"href":"https:\/\/www.urban-driver.com\/blog\/wp-json\/wp\/v2\/users\/1"}],"replies":[{"embeddable":true,"href":"https:\/\/www.urban-driver.com\/blog\/wp-json\/wp\/v2\/comments?post=304"}],"version-history":[{"count":0,"href":"https:\/\/www.urban-driver.com\/blog\/wp-json\/wp\/v2\/posts\/304\/revisions"}],"wp:featuredmedia":[{"embeddable":true,"href":"https:\/\/www.urban-driver.com\/blog\/wp-json\/wp\/v2\/media\/305"}],"wp:attachment":[{"href":"https:\/\/www.urban-driver.com\/blog\/wp-json\/wp\/v2\/media?parent=304"}],"wp:term":[{"taxonomy":"category","embeddable":true,"href":"https:\/\/www.urban-driver.com\/blog\/wp-json\/wp\/v2\/categories?post=304"},{"taxonomy":"post_tag","embeddable":true,"href":"https:\/\/www.urban-driver.com\/blog\/wp-json\/wp\/v2\/tags?post=304"}],"curies":[{"name":"wp","href":"https:\/\/api.w.org\/{rel}","templated":true}]}}