{"id":275,"date":"2017-02-14T15:25:55","date_gmt":"2017-02-14T14:25:55","guid":{"rendered":"http:\/\/www.urban-driver.com\/blog\/?p=275"},"modified":"2018-05-11T13:14:14","modified_gmt":"2018-05-11T12:14:14","slug":"vignette-antipollution-critair","status":"publish","type":"post","link":"https:\/\/www.urban-driver.com\/blog\/vignette-antipollution-critair\/","title":{"rendered":"Vignette Crit&rsquo;Air obligatoire pour les motos-taxis et VTC ?"},"content":{"rendered":"<p>Depuis le 16 Janvier 2017, la vignette Crit&rsquo;air antipollution est devenue obligatoire pour \u00eatre autoriser \u00e0 rouler dans les zones \u00e0 circulation restreinte (ZRC) les jours de forte pollution. Comme cela a \u00e9t\u00e9 largement relay\u00e9 dans les m\u00e9dias une p\u00e9riode de tolerance est en cours afin de permettre \u00e0 l\u2019ensemble des automobilistes et motocyclistes de commander leur certificat qualit\u00e9 de l&rsquo;air en ligne sur le site du minist\u00e8re de l&rsquo;environnement, <a href=\"https:\/\/www.certificat-air.gouv.fr\/\">Service de d\u00e9livrance des certificats qualit\u00e9 de l\u2019air<\/a>.<!--more--><\/p>\n<p>Au mois de Janvier 2017, seulement \u00bc des usagers de la route avaient command\u00e9 leur vignette au regard des 8 millions de v\u00e9hicules qui constituent le parc automobile francilien. Avec un d\u00e9lai de 2 \u00e0 4 semaines pour recevoir sa pastille \u00e9cologique par courrier, nous ne pouvons que vous encourager \u00e0 acheter votre vignette Crit\u2019Air au plus vite, la p\u00e9riode de tol\u00e9rance devant prendre fin en Mars, voire \u00e0 l\u2019Et\u00e9 2017.<\/p>\n<p>&nbsp;<\/p>\n<h2>La Pastille Crit&rsquo;air est-elle obligatoire pour les motos taxis et VTC?<\/h2>\n<p>Tous les professionnels du transport, <strong>taxis, vtc et motos-taxis doivent \u00e9galement commander la vignette anti-pollution<\/strong>. Seuls certains v\u00e9hicules pourront circuler \u00e0 n\u2019importe quel moment, les voitures appartenant \u00e0 des personnes handicap\u00e9es, des mod\u00e8les immatricul\u00e9s sous le r\u00e9gime \u00ab collection \u00bb, des \u00ab v\u00e9hicules d\u2019int\u00e9r\u00eat g\u00e9n\u00e9ral \u00bb (camions de pompiers, ambulances, surveillance SNCF, transports de fonds, m\u00e9decins de garde, etc.), des transports frigorifiques, des camionnettes de march\u00e9, etc.<\/p>\n<p>Pour les <a href=\"https:\/\/www.urban-driver.com\/moto-taxi.php\">motos taxi<\/a>s, <a href=\"https:\/\/www.service-public.fr\/professionnels-entreprises\/vosdroits\/F32753\">la r\u00e9glementation<\/a>\u00a0impose que les v\u00e9hicules doivent avoir moins de 5 ans d&rsquo;anciennet\u00e9. En se basant sur la date de premi\u00e8re immatriculation, tous les motos taxis disposeraient d\u2019une pastille de couleur violette correspondant aux v\u00e9hicules l\u00e9ger \u00e0 essence immatricul\u00e9s apr\u00e8s janvier 2011.<br \/>\nProbl\u00e8me, la classification Crit\u2019air tient compte \u00e9galement de la norme Euro. Toutes les voitures immatricul\u00e9es apr\u00e8s Janvier 2011 r\u00e9pondent aux normes Euro 5 et 6 ce qui n\u2019est absolument pas la cas pour les motos. La Honda Goldwing, deux roues le plus utilis\u00e9 par les pilotes de taximoto, avec le convertisseur catalytique HECS3 qui r\u00e9duit de moiti\u00e9 les niveaux d&rsquo;\u00e9mission requis r\u00e9pond \u00e0 la norme Euro 3.<\/p>\n<p>Ainsi la majorit\u00e9 du parc de moto Honda Goldwing immatricul\u00e9e entre le 1er Janvier 2012 et le 31 D\u00e9cembre 2016 r\u00e9pondant \u00e0 la norme Euro 3 obtiendront la vignette Classe 2 de couleur Jaune et les Honda Goldwing immatricul\u00e9es \u00e0 partir du 1er janvier 2017 r\u00e9pondant \u00e0 la Norme Euro 4 obtiendront la pastille de couleur violette classe 1.<\/p>\n<h3>Le tableau des vignettes CRIT&rsquo;Air pour les 2 et 3 roues motoris\u00e9es:<\/h3>\n<p><a class=\"lightbox\" href=\"http:\/\/www.urban-driver.com\/blog\/wp-content\/uploads\/2017\/02\/nomenclature_critair_ministere.jpg\" rel=\"attachment wp-att-277\"><img loading=\"lazy\" decoding=\"async\" class=\"aligncenter wp-image-277 size-full\" src=\"http:\/\/www.urban-driver.com\/blog\/wp-content\/uploads\/2017\/02\/nomenclature_critair_ministere.jpg\" alt=\"nomenclature_critair_ministere\" width=\"752\" height=\"423\" srcset=\"https:\/\/www.urban-driver.com\/blog\/wp-content\/uploads\/2017\/02\/nomenclature_critair_ministere.jpg 752w, https:\/\/www.urban-driver.com\/blog\/wp-content\/uploads\/2017\/02\/nomenclature_critair_ministere-300x169.jpg 300w, https:\/\/www.urban-driver.com\/blog\/wp-content\/uploads\/2017\/02\/nomenclature_critair_ministere-750x423.jpg 750w\" sizes=\"auto, (max-width: 752px) 100vw, 752px\" \/><\/a><\/p>\n<p>La vignette devra \u00eatre appos\u00e9e sur la fourche des motos ou scooters.<\/p>\n<p>&nbsp;<\/p>\n<h2>Quel est le montant des amendes ?<\/h2>\n<p>Selon l\u2019article R411-19-1 du Code de la route, les amendes s\u2019\u00e9l\u00e8veront de 68 \u00e0 135 euros pour les contrevenants, sans retrait de points, en fonction des diff\u00e9rents types de v\u00e9hicules.<\/p>\n<p>68 euros pour les voitures particuli\u00e8res, <strong>deux roues<\/strong> et les autres v\u00e9hicules (contravention de 3\u00e8me classe) minor\u00e9s \u00e0 45\u20ac si avis remis en main propre -&gt; paiement dans les 3 jours \/ si avis envoy\u00e9 par courrier -&gt; paiement dans les 15 jours.<\/p>\n<p>135 euros pour les poids-lourds et les autocars (contravention de 4\u00e8me classe)<\/p>\n<p>Si l\u2019amende n\u2019est pas r\u00e9gl\u00e9e dans un d\u00e9lai de 45 jours, elle est major\u00e9e \u00e0 180 euros pour la 3\u00e8me classe et \u00e0 375 euros pour la 4\u00e8me classe.<\/p>\n","protected":false},"excerpt":{"rendered":"<p>Depuis le 16 Janvier 2017, la vignette Crit&rsquo;air antipollution est devenue obligatoire pour \u00eatre autoriser \u00e0 rouler dans les zones \u00e0 circulation restreinte (ZRC) les jours de forte pollution. Comme cela a \u00e9t\u00e9 largement relay\u00e9 dans les m\u00e9dias une p\u00e9riode de tolerance est en cours afin de permettre \u00e0 l\u2019ensemble des automobilistes et motocyclistes de<br \/><a class=\"moretag\" href=\"https:\/\/www.urban-driver.com\/blog\/vignette-antipollution-critair\/\">Poursuivre la lecture<\/a>","protected":false},"author":1,"featured_media":276,"comment_status":"open","ping_status":"open","sticky":false,"template":"","format":"standard","meta":{"_crdt_document":"","_monsterinsights_skip_tracking":false,"_monsterinsights_sitenote_active":false,"_monsterinsights_sitenote_note":"","_monsterinsights_sitenote_category":0,"footnotes":""},"categories":[11,20],"tags":[],"class_list":["post-275","post","type-post","status-publish","format-standard","has-post-thumbnail","hentry","category-actualite","category-taxi-moto"],"yoast_head":"<!-- This site is optimized with the Yoast SEO plugin v27.4 - https:\/\/yoast.com\/product\/yoast-seo-wordpress\/ -->\n<title>Vignette Crit&#039;air obligatoire pour les motos-taxis et VTC ?<\/title>\n<meta name=\"description\" content=\"Tous les professionnels du transport, taxis, vtc et motos-taxis doivent commander la vignette anti-pollution pour \u00eatre autoriser \u00e0 rouler dans les ZRC.\" \/>\n<meta name=\"robots\" content=\"index, follow, max-snippet:-1, max-image-preview:large, max-video-preview:-1\" \/>\n<link rel=\"canonical\" href=\"https:\/\/www.urban-driver.com\/blog\/vignette-antipollution-critair\/\" \/>\n<meta property=\"og:locale\" content=\"fr_FR\" \/>\n<meta property=\"og:type\" content=\"article\" \/>\n<meta property=\"og:title\" content=\"Vignette Crit&#039;air obligatoire pour les motos-taxis et VTC ?\" \/>\n<meta property=\"og:description\" content=\"Tous les professionnels du transport, taxis, vtc et motos-taxis doivent commander la vignette anti-pollution pour \u00eatre autoriser \u00e0 rouler dans les ZRC.\" \/>\n<meta property=\"og:url\" content=\"https:\/\/www.urban-driver.com\/blog\/vignette-antipollution-critair\/\" \/>\n<meta property=\"og:site_name\" content=\"Blog Urban Driver\" \/>\n<meta property=\"article:publisher\" content=\"https:\/\/www.facebook.com\/urbandriver\" \/>\n<meta property=\"article:published_time\" content=\"2017-02-14T14:25:55+00:00\" \/>\n<meta property=\"article:modified_time\" content=\"2018-05-11T12:14:14+00:00\" \/>\n<meta property=\"og:image\" content=\"https:\/\/www.urban-driver.com\/blog\/wp-content\/uploads\/2017\/02\/critair.jpg\" \/>\n\t<meta property=\"og:image:width\" content=\"600\" \/>\n\t<meta property=\"og:image:height\" content=\"400\" \/>\n\t<meta property=\"og:image:type\" content=\"image\/jpeg\" \/>\n<meta name=\"author\" content=\"Urban Driver\" \/>\n<meta name=\"twitter:card\" content=\"summary_large_image\" \/>\n<meta name=\"twitter:creator\" content=\"@urban_driver\" \/>\n<meta name=\"twitter:site\" content=\"@urban_driver\" \/>\n<meta name=\"twitter:label1\" content=\"\u00c9crit par\" \/>\n\t<meta name=\"twitter:data1\" content=\"Urban Driver\" \/>\n\t<meta name=\"twitter:label2\" content=\"Dur\u00e9e de lecture estim\u00e9e\" \/>\n\t<meta name=\"twitter:data2\" content=\"3 minutes\" \/>\n<script type=\"application\/ld+json\" class=\"yoast-schema-graph\">{\"@context\":\"https:\\\/\\\/schema.org\",\"@graph\":[{\"@type\":\"Article\",\"@id\":\"https:\\\/\\\/www.urban-driver.com\\\/blog\\\/vignette-antipollution-critair\\\/#article\",\"isPartOf\":{\"@id\":\"https:\\\/\\\/www.urban-driver.com\\\/blog\\\/vignette-antipollution-critair\\\/\"},\"author\":{\"name\":\"Urban Driver\",\"@id\":\"https:\\\/\\\/www.urban-driver.com\\\/blog\\\/#\\\/schema\\\/person\\\/d2b20c87827eaff19105d900a0bf186b\"},\"headline\":\"Vignette Crit&rsquo;Air obligatoire pour les motos-taxis et VTC ?\",\"datePublished\":\"2017-02-14T14:25:55+00:00\",\"dateModified\":\"2018-05-11T12:14:14+00:00\",\"mainEntityOfPage\":{\"@id\":\"https:\\\/\\\/www.urban-driver.com\\\/blog\\\/vignette-antipollution-critair\\\/\"},\"wordCount\":571,\"commentCount\":0,\"image\":{\"@id\":\"https:\\\/\\\/www.urban-driver.com\\\/blog\\\/vignette-antipollution-critair\\\/#primaryimage\"},\"thumbnailUrl\":\"https:\\\/\\\/www.urban-driver.com\\\/blog\\\/wp-content\\\/uploads\\\/2017\\\/02\\\/critair.jpg\",\"articleSection\":[\"Actualit\u00e9s\",\"Chauffeur Taxi moto\"],\"inLanguage\":\"fr-FR\",\"potentialAction\":[{\"@type\":\"CommentAction\",\"name\":\"Comment\",\"target\":[\"https:\\\/\\\/www.urban-driver.com\\\/blog\\\/vignette-antipollution-critair\\\/#respond\"]}]},{\"@type\":\"WebPage\",\"@id\":\"https:\\\/\\\/www.urban-driver.com\\\/blog\\\/vignette-antipollution-critair\\\/\",\"url\":\"https:\\\/\\\/www.urban-driver.com\\\/blog\\\/vignette-antipollution-critair\\\/\",\"name\":\"Vignette Crit'air obligatoire pour les motos-taxis et VTC ?\",\"isPartOf\":{\"@id\":\"https:\\\/\\\/www.urban-driver.com\\\/blog\\\/#website\"},\"primaryImageOfPage\":{\"@id\":\"https:\\\/\\\/www.urban-driver.com\\\/blog\\\/vignette-antipollution-critair\\\/#primaryimage\"},\"image\":{\"@id\":\"https:\\\/\\\/www.urban-driver.com\\\/blog\\\/vignette-antipollution-critair\\\/#primaryimage\"},\"thumbnailUrl\":\"https:\\\/\\\/www.urban-driver.com\\\/blog\\\/wp-content\\\/uploads\\\/2017\\\/02\\\/critair.jpg\",\"datePublished\":\"2017-02-14T14:25:55+00:00\",\"dateModified\":\"2018-05-11T12:14:14+00:00\",\"author\":{\"@id\":\"https:\\\/\\\/www.urban-driver.com\\\/blog\\\/#\\\/schema\\\/person\\\/d2b20c87827eaff19105d900a0bf186b\"},\"description\":\"Tous les professionnels du transport, taxis, vtc et motos-taxis doivent commander la vignette anti-pollution pour \u00eatre autoriser \u00e0 rouler dans les ZRC.\",\"breadcrumb\":{\"@id\":\"https:\\\/\\\/www.urban-driver.com\\\/blog\\\/vignette-antipollution-critair\\\/#breadcrumb\"},\"inLanguage\":\"fr-FR\",\"potentialAction\":[{\"@type\":\"ReadAction\",\"target\":[\"https:\\\/\\\/www.urban-driver.com\\\/blog\\\/vignette-antipollution-critair\\\/\"]}]},{\"@type\":\"ImageObject\",\"inLanguage\":\"fr-FR\",\"@id\":\"https:\\\/\\\/www.urban-driver.com\\\/blog\\\/vignette-antipollution-critair\\\/#primaryimage\",\"url\":\"https:\\\/\\\/www.urban-driver.com\\\/blog\\\/wp-content\\\/uploads\\\/2017\\\/02\\\/critair.jpg\",\"contentUrl\":\"https:\\\/\\\/www.urban-driver.com\\\/blog\\\/wp-content\\\/uploads\\\/2017\\\/02\\\/critair.jpg\",\"width\":600,\"height\":400,\"caption\":\"critair\"},{\"@type\":\"BreadcrumbList\",\"@id\":\"https:\\\/\\\/www.urban-driver.com\\\/blog\\\/vignette-antipollution-critair\\\/#breadcrumb\",\"itemListElement\":[{\"@type\":\"ListItem\",\"position\":1,\"name\":\"Accueil\",\"item\":\"https:\\\/\\\/www.urban-driver.com\\\/blog\\\/\"},{\"@type\":\"ListItem\",\"position\":2,\"name\":\"Actualit\u00e9s\",\"item\":\"https:\\\/\\\/www.urban-driver.com\\\/blog\\\/actualite\\\/\"},{\"@type\":\"ListItem\",\"position\":3,\"name\":\"Vignette Crit&rsquo;Air obligatoire pour les motos-taxis et VTC ?\"}]},{\"@type\":\"WebSite\",\"@id\":\"https:\\\/\\\/www.urban-driver.com\\\/blog\\\/#website\",\"url\":\"https:\\\/\\\/www.urban-driver.com\\\/blog\\\/\",\"name\":\"Blog Urban Driver\",\"description\":\"Le plaisir de voyager en milieu Urbain\",\"potentialAction\":[{\"@type\":\"SearchAction\",\"target\":{\"@type\":\"EntryPoint\",\"urlTemplate\":\"https:\\\/\\\/www.urban-driver.com\\\/blog\\\/?s={search_term_string}\"},\"query-input\":{\"@type\":\"PropertyValueSpecification\",\"valueRequired\":true,\"valueName\":\"search_term_string\"}}],\"inLanguage\":\"fr-FR\"},{\"@type\":\"Person\",\"@id\":\"https:\\\/\\\/www.urban-driver.com\\\/blog\\\/#\\\/schema\\\/person\\\/d2b20c87827eaff19105d900a0bf186b\",\"name\":\"Urban Driver\",\"image\":{\"@type\":\"ImageObject\",\"inLanguage\":\"fr-FR\",\"@id\":\"https:\\\/\\\/secure.gravatar.com\\\/avatar\\\/897148c0963ad7fa07b446b33382ae9f9b9e4b9665b11e9fff860701664076a1?s=96&d=mm&r=g\",\"url\":\"https:\\\/\\\/secure.gravatar.com\\\/avatar\\\/897148c0963ad7fa07b446b33382ae9f9b9e4b9665b11e9fff860701664076a1?s=96&d=mm&r=g\",\"contentUrl\":\"https:\\\/\\\/secure.gravatar.com\\\/avatar\\\/897148c0963ad7fa07b446b33382ae9f9b9e4b9665b11e9fff860701664076a1?s=96&d=mm&r=g\",\"caption\":\"Urban Driver\"}}]}<\/script>\n<!-- \/ Yoast SEO plugin. -->","yoast_head_json":{"title":"Vignette Crit'air obligatoire pour les motos-taxis et VTC ?","description":"Tous les professionnels du transport, taxis, vtc et motos-taxis doivent commander la vignette anti-pollution pour \u00eatre autoriser \u00e0 rouler dans les ZRC.","robots":{"index":"index","follow":"follow","max-snippet":"max-snippet:-1","max-image-preview":"max-image-preview:large","max-video-preview":"max-video-preview:-1"},"canonical":"https:\/\/www.urban-driver.com\/blog\/vignette-antipollution-critair\/","og_locale":"fr_FR","og_type":"article","og_title":"Vignette Crit'air obligatoire pour les motos-taxis et VTC ?","og_description":"Tous les professionnels du transport, taxis, vtc et motos-taxis doivent commander la vignette anti-pollution pour \u00eatre autoriser \u00e0 rouler dans les ZRC.","og_url":"https:\/\/www.urban-driver.com\/blog\/vignette-antipollution-critair\/","og_site_name":"Blog Urban Driver","article_publisher":"https:\/\/www.facebook.com\/urbandriver","article_published_time":"2017-02-14T14:25:55+00:00","article_modified_time":"2018-05-11T12:14:14+00:00","og_image":[{"width":600,"height":400,"url":"https:\/\/www.urban-driver.com\/blog\/wp-content\/uploads\/2017\/02\/critair.jpg","type":"image\/jpeg"}],"author":"Urban Driver","twitter_card":"summary_large_image","twitter_creator":"@urban_driver","twitter_site":"@urban_driver","twitter_misc":{"\u00c9crit par":"Urban Driver","Dur\u00e9e de lecture estim\u00e9e":"3 minutes"},"schema":{"@context":"https:\/\/schema.org","@graph":[{"@type":"Article","@id":"https:\/\/www.urban-driver.com\/blog\/vignette-antipollution-critair\/#article","isPartOf":{"@id":"https:\/\/www.urban-driver.com\/blog\/vignette-antipollution-critair\/"},"author":{"name":"Urban Driver","@id":"https:\/\/www.urban-driver.com\/blog\/#\/schema\/person\/d2b20c87827eaff19105d900a0bf186b"},"headline":"Vignette Crit&rsquo;Air obligatoire pour les motos-taxis et VTC ?","datePublished":"2017-02-14T14:25:55+00:00","dateModified":"2018-05-11T12:14:14+00:00","mainEntityOfPage":{"@id":"https:\/\/www.urban-driver.com\/blog\/vignette-antipollution-critair\/"},"wordCount":571,"commentCount":0,"image":{"@id":"https:\/\/www.urban-driver.com\/blog\/vignette-antipollution-critair\/#primaryimage"},"thumbnailUrl":"https:\/\/www.urban-driver.com\/blog\/wp-content\/uploads\/2017\/02\/critair.jpg","articleSection":["Actualit\u00e9s","Chauffeur Taxi moto"],"inLanguage":"fr-FR","potentialAction":[{"@type":"CommentAction","name":"Comment","target":["https:\/\/www.urban-driver.com\/blog\/vignette-antipollution-critair\/#respond"]}]},{"@type":"WebPage","@id":"https:\/\/www.urban-driver.com\/blog\/vignette-antipollution-critair\/","url":"https:\/\/www.urban-driver.com\/blog\/vignette-antipollution-critair\/","name":"Vignette Crit'air obligatoire pour les motos-taxis et VTC ?","isPartOf":{"@id":"https:\/\/www.urban-driver.com\/blog\/#website"},"primaryImageOfPage":{"@id":"https:\/\/www.urban-driver.com\/blog\/vignette-antipollution-critair\/#primaryimage"},"image":{"@id":"https:\/\/www.urban-driver.com\/blog\/vignette-antipollution-critair\/#primaryimage"},"thumbnailUrl":"https:\/\/www.urban-driver.com\/blog\/wp-content\/uploads\/2017\/02\/critair.jpg","datePublished":"2017-02-14T14:25:55+00:00","dateModified":"2018-05-11T12:14:14+00:00","author":{"@id":"https:\/\/www.urban-driver.com\/blog\/#\/schema\/person\/d2b20c87827eaff19105d900a0bf186b"},"description":"Tous les professionnels du transport, taxis, vtc et motos-taxis doivent commander la vignette anti-pollution pour \u00eatre autoriser \u00e0 rouler dans les ZRC.","breadcrumb":{"@id":"https:\/\/www.urban-driver.com\/blog\/vignette-antipollution-critair\/#breadcrumb"},"inLanguage":"fr-FR","potentialAction":[{"@type":"ReadAction","target":["https:\/\/www.urban-driver.com\/blog\/vignette-antipollution-critair\/"]}]},{"@type":"ImageObject","inLanguage":"fr-FR","@id":"https:\/\/www.urban-driver.com\/blog\/vignette-antipollution-critair\/#primaryimage","url":"https:\/\/www.urban-driver.com\/blog\/wp-content\/uploads\/2017\/02\/critair.jpg","contentUrl":"https:\/\/www.urban-driver.com\/blog\/wp-content\/uploads\/2017\/02\/critair.jpg","width":600,"height":400,"caption":"critair"},{"@type":"BreadcrumbList","@id":"https:\/\/www.urban-driver.com\/blog\/vignette-antipollution-critair\/#breadcrumb","itemListElement":[{"@type":"ListItem","position":1,"name":"Accueil","item":"https:\/\/www.urban-driver.com\/blog\/"},{"@type":"ListItem","position":2,"name":"Actualit\u00e9s","item":"https:\/\/www.urban-driver.com\/blog\/actualite\/"},{"@type":"ListItem","position":3,"name":"Vignette Crit&rsquo;Air obligatoire pour les motos-taxis et VTC ?"}]},{"@type":"WebSite","@id":"https:\/\/www.urban-driver.com\/blog\/#website","url":"https:\/\/www.urban-driver.com\/blog\/","name":"Blog Urban Driver","description":"Le plaisir de voyager en milieu Urbain","potentialAction":[{"@type":"SearchAction","target":{"@type":"EntryPoint","urlTemplate":"https:\/\/www.urban-driver.com\/blog\/?s={search_term_string}"},"query-input":{"@type":"PropertyValueSpecification","valueRequired":true,"valueName":"search_term_string"}}],"inLanguage":"fr-FR"},{"@type":"Person","@id":"https:\/\/www.urban-driver.com\/blog\/#\/schema\/person\/d2b20c87827eaff19105d900a0bf186b","name":"Urban Driver","image":{"@type":"ImageObject","inLanguage":"fr-FR","@id":"https:\/\/secure.gravatar.com\/avatar\/897148c0963ad7fa07b446b33382ae9f9b9e4b9665b11e9fff860701664076a1?s=96&d=mm&r=g","url":"https:\/\/secure.gravatar.com\/avatar\/897148c0963ad7fa07b446b33382ae9f9b9e4b9665b11e9fff860701664076a1?s=96&d=mm&r=g","contentUrl":"https:\/\/secure.gravatar.com\/avatar\/897148c0963ad7fa07b446b33382ae9f9b9e4b9665b11e9fff860701664076a1?s=96&d=mm&r=g","caption":"Urban Driver"}}]}},"_links":{"self":[{"href":"https:\/\/www.urban-driver.com\/blog\/wp-json\/wp\/v2\/posts\/275","targetHints":{"allow":["GET"]}}],"collection":[{"href":"https:\/\/www.urban-driver.com\/blog\/wp-json\/wp\/v2\/posts"}],"about":[{"href":"https:\/\/www.urban-driver.com\/blog\/wp-json\/wp\/v2\/types\/post"}],"author":[{"embeddable":true,"href":"https:\/\/www.urban-driver.com\/blog\/wp-json\/wp\/v2\/users\/1"}],"replies":[{"embeddable":true,"href":"https:\/\/www.urban-driver.com\/blog\/wp-json\/wp\/v2\/comments?post=275"}],"version-history":[{"count":0,"href":"https:\/\/www.urban-driver.com\/blog\/wp-json\/wp\/v2\/posts\/275\/revisions"}],"wp:featuredmedia":[{"embeddable":true,"href":"https:\/\/www.urban-driver.com\/blog\/wp-json\/wp\/v2\/media\/276"}],"wp:attachment":[{"href":"https:\/\/www.urban-driver.com\/blog\/wp-json\/wp\/v2\/media?parent=275"}],"wp:term":[{"taxonomy":"category","embeddable":true,"href":"https:\/\/www.urban-driver.com\/blog\/wp-json\/wp\/v2\/categories?post=275"},{"taxonomy":"post_tag","embeddable":true,"href":"https:\/\/www.urban-driver.com\/blog\/wp-json\/wp\/v2\/tags?post=275"}],"curies":[{"name":"wp","href":"https:\/\/api.w.org\/{rel}","templated":true}]}}